{"id":217,"date":"2016-10-04T14:51:53","date_gmt":"2016-10-04T13:51:53","guid":{"rendered":"http:\/\/www.lukas-hofmann.at\/www\/?p=217"},"modified":"2016-10-04T14:55:37","modified_gmt":"2016-10-04T13:55:37","slug":"missa-santa-cecilia-jacob-de-haan","status":"publish","type":"post","link":"http:\/\/www.lukas-hofmann.at\/www\/missa-santa-cecilia-jacob-de-haan\/","title":{"rendered":"Missa Santa Cecilia &#8211; Jacob de Haan"},"content":{"rendered":"<p>Die Heilige C\u00e4cilia ist ja bekannterma\u00dfen die Schutzpatronin der Musik und somit auch aller\u00a0Musikantinnen und Musikanten in unseren Tiroler Musikkapellen. So liest man auch auf Wikipedia:<\/p>\n<blockquote><p><b>C\u00e4cilia von Rom<\/b>\u00a0(* um 200 n. Chr. in\u00a0Rom; \u2020 um 230 ebenda) ist eine christliche\u00a0Heilige,\u00a0Jungfrau\u00a0und\u00a0M\u00e4rtyrin\u00a0der fr\u00fchen Kirche. Sie ist die\u00a0Patronin\u00a0der\u00a0Kirchenmusik. Ihre\u00a0Attribute\u00a0sind die Orgel oder die Geige, das Schwert\u00a0\u00a0und die\u00a0Rose. Ihr Gedenktag ist der 22. November.<\/p>\n<p>Quelle:\u00a0<a href=\"https:\/\/de.wikipedia.org\/wiki\/C\u00e4cilia_von_Rom\" target=\"_blank\">https:\/\/de.wikipedia.org\/wiki\/C\u00e4cilia_von_Rom<\/a><\/p><\/blockquote>\n<p>So feiern auch wir mit der BMK Matrei-M\u00fchlbachl-Pfons jedes Jahr dieses Fest als Abschluss und gleichzeitig als Beginn f\u00fcr ein hoffentlich erfolgreiches Vereinsjahr. Als besonderes &#8222;Schmankerl&#8220; habe ich mir f\u00fcr heuer eine aus aktueller Sicht gesehen relativ neue Messe vom niederl\u00e4ndischen\u00a0Komponisten <a href=\"http:\/\/www.jacobdehaan.com\" target=\"_blank\">Jacob de Haan<\/a> ausgesucht. Die &#8222;Missa Santa Cecilia&#8220; hat er genau f\u00fcr diesen Anlass \u2013 f\u00fcr den\u00a0&#8222;Feiertag der Musikkapellen&#8220; \u2013 komponiert und die lateinische Messe wurde noch relativ selten in \u00d6sterreich aufgef\u00fchrt. Umso mehr freue ich mich, dass ich den Gemischten Chor Matrei und Umgebung und die Chorgemeinschaft La Voce gewinnen konnte, mit mir gemeinsam diese Messkomposition f\u00fcr Sinfonisches Blasorchester und Gemischten Chor aufzuf\u00fchren. Dabei handelt es sich um ein festliches, optimistisches, aber auch beruhigendes Werk, das stilistisch perfekt zum Gedenktag der Heiligen C\u00e4cilia passt, wie auch Jacob de Haan selbst in seinem Vorwort schreibt.<\/p>\n<p>Ich darf schon jetzt einladen: Wir feiern heuer die C\u00e4cilien-Messe am<\/p>\n<p><strong>Sonntag, 20. November 2016 um 09.00 Uhr in der Pfarrkirche Matrei am Brenner<\/strong><\/p>\n<p>Als kleine Einstimmung hier einige Ausschnitte der &#8222;Missa Santa Cecilia&#8220; von Jacob de Haan:<br \/>\n<iframe loading=\"lazy\" src=\"https:\/\/www.youtube.com\/embed\/hDlMrmIbH7A\" width=\"560\" height=\"315\" frameborder=\"0\" allowfullscreen=\"allowfullscreen\"><\/iframe><\/p>\n","protected":false},"excerpt":{"rendered":"<p>Die Heilige C\u00e4cilia ist ja bekannterma\u00dfen die Schutzpatronin der Musik und somit auch aller\u00a0Musikantinnen und Musikanten in unseren Tiroler Musikkapellen. So liest man auch auf Wikipedia: C\u00e4cilia von Rom\u00a0(* um 200 n. Chr. in\u00a0Rom; \u2020 um 230 ebenda) ist eine christliche\u00a0Heilige,\u00a0Jungfrau\u00a0und\u00a0M\u00e4rtyrin\u00a0der fr\u00fchen Kirche. Sie ist die\u00a0Patronin\u00a0der\u00a0Kirchenmusik. Ihre\u00a0Attribute\u00a0sind die Orgel oder die Geige, das Schwert\u00a0\u00a0und die\u00a0Rose. &hellip; <a href=\"http:\/\/www.lukas-hofmann.at\/www\/missa-santa-cecilia-jacob-de-haan\/\" class=\"more-link\"><span class=\"screen-reader-text\">Missa Santa Cecilia &#8211; Jacob de Haan<\/span> weiterlesen<\/a><\/p>\n","protected":false},"author":2,"featured_media":0,"comment_status":"closed","ping_status":"closed","sticky":false,"template":"","format":"standard","meta":{"sfsi_plus_gutenberg_text_before_share":"","sfsi_plus_gutenberg_show_text_before_share":"","sfsi_plus_gutenberg_icon_type":"","sfsi_plus_gutenberg_icon_alignemt":"","sfsi_plus_gutenburg_max_per_row":""},"categories":[6],"tags":[9,36,37,41,40,39,38,35,29],"jetpack_featured_media_url":"","_links":{"self":[{"href":"http:\/\/www.lukas-hofmann.at\/www\/wp-json\/wp\/v2\/posts\/217"}],"collection":[{"href":"http:\/\/www.lukas-hofmann.at\/www\/wp-json\/wp\/v2\/posts"}],"about":[{"href":"http:\/\/www.lukas-hofmann.at\/www\/wp-json\/wp\/v2\/types\/post"}],"author":[{"embeddable":true,"href":"http:\/\/www.lukas-hofmann.at\/www\/wp-json\/wp\/v2\/users\/2"}],"replies":[{"embeddable":true,"href":"http:\/\/www.lukas-hofmann.at\/www\/wp-json\/wp\/v2\/comments?post=217"}],"version-history":[{"count":4,"href":"http:\/\/www.lukas-hofmann.at\/www\/wp-json\/wp\/v2\/posts\/217\/revisions"}],"predecessor-version":[{"id":221,"href":"http:\/\/www.lukas-hofmann.at\/www\/wp-json\/wp\/v2\/posts\/217\/revisions\/221"}],"wp:attachment":[{"href":"http:\/\/www.lukas-hofmann.at\/www\/wp-json\/wp\/v2\/media?parent=217"}],"wp:term":[{"taxonomy":"category","embeddable":true,"href":"http:\/\/www.lukas-hofmann.at\/www\/wp-json\/wp\/v2\/categories?post=217"},{"taxonomy":"post_tag","embeddable":true,"href":"http:\/\/www.lukas-hofmann.at\/www\/wp-json\/wp\/v2\/tags?post=217"}],"curies":[{"name":"wp","href":"https:\/\/api.w.org\/{rel}","templated":true}]}}